{"id":671061,"date":"2026-04-08T22:29:18","date_gmt":"2026-04-08T22:29:18","guid":{"rendered":"https:\/\/www.rawchili.com\/mlb\/671061\/"},"modified":"2026-04-08T22:29:18","modified_gmt":"2026-04-08T22:29:18","slug":"padres-veteran-just-waiting-to-be-replaced-after-slow-start","status":"publish","type":"post","link":"https:\/\/www.rawchili.com\/mlb\/671061\/","title":{"rendered":"Padres Veteran Just Waiting to Be Replaced After Slow Start"},"content":{"rendered":"<p id=\"inline-text-0\" class=\"mt-[18px] md:mt-0 mb-[18px] [&amp;_a]:text-secondary my-f-1.5\" q:key=\"0\" q:id=\"6g\">The San Diego Padres took a chance on veteran Walker Buehler, but his <a href=\"https:\/\/www.si.com\/mlb\/padres\/onsi\/san-diego-padres-news\/walker-buehler-s-roster-spot-with-padres-could-suddenly-be-in-jeopardy\" rel=\"nofollow noopener\" target=\"_blank\">time with the team could be running out.<\/a><\/p>\n<p id=\"inline-text-1\" class=\"my-[18px] [&amp;_a]:text-secondary my-f-1.5\" q:key=\"0\" q:id=\"6j\">Buehler has allowed seven earned runs in 6.2 innings of work. The right-hander allowed three runs over four innings in his season debut against the San Francisco Giants. He then struggled in his second start of 2026 against the Boston Red Sox over the weekend. <\/p>\n<p id=\"inline-text-2\" class=\"my-[18px] [&amp;_a]:text-secondary my-f-1.5\" q:key=\"0\" q:id=\"6m\">Buehler was scoreless through the first two innings against Boston, which is also what happened in his season debut. He started off strong and then his outing completely unraveled with Buehler lasting just 2.2 innings against his former team.  <\/p>\n<p id=\"inline-text-3\" class=\"my-[18px] [&amp;_a]:text-secondary my-f-1.5\" q:key=\"0\" q:id=\"6p\">The Padres spent the spring searching for the back-end of the rotation as Michael King, Nick Pivetta and Joe Musgrove were poised to be the team&#8217;s frontline starters. At the beginning of camp, manager Craig Stammen revealed Randy V\u00e1squez had the inside track to earning one of the final two spots. <\/p>\n<p id=\"inline-text-4\" class=\"my-[18px] [&amp;_a]:text-secondary my-f-1.5\" q:key=\"0\" q:id=\"6s\">And so, it appeared the Padres only had to find one pitcher to emerge as their No. 5 starter. That changed once it was announced that Musgrove would <a href=\"https:\/\/www.si.com\/mlb\/padres\/onsi\/san-diego-padres-news\/padres-joe-musgrove-reveals-he-has-no-timeline-to-return-after-setback\" rel=\"nofollow noopener\" target=\"_blank\">begin the season on the injured list<\/a> after suffering a setback in his recovery from Tommy John surgery. <\/p>\n<p id=\"inline-text-5\" class=\"my-[18px] [&amp;_a]:text-secondary my-f-1.5\" q:key=\"0\" q:id=\"6v\">The Opening Day rotation consisted of Pivetta, King, V\u00e1squez, Buehler and Germ\u00e1n M\u00e1rquez. The latter two didn&#8217;t have permanent roster spots as their performance to start the year would largely dictate their future with the team. <\/p>\n<p id=\"inline-text-6\" class=\"my-[18px] [&amp;_a]:text-secondary my-f-1.5\" q:key=\"0\" q:id=\"6y\">Both Buehler and M\u00e1rquez were shaky in their first starts of the season, however, it was the former Colorado Rockies pitcher who hit his stride in his second appearance for the Friars. M\u00e1rquez pitched five shutout innings with four strikeouts in the Padres&#8217; 5-0 win over the Pittsburgh Pirates on Monday. <\/p>\n<p id=\"inline-text-7\" class=\"my-[18px] [&amp;_a]:text-secondary my-f-1.5\" q:key=\"0\" q:id=\"71\">With Matt Waldron returning from injury soon as well as Griffin Canning and Musgrove also working to get back to the rotation, the Padres will likely have to decide who should be removed from the rotation. Thus far, Buehler has had a rougher time to start the season than M\u00e1rquez. <\/p>\n<p id=\"inline-text-8\" class=\"my-[18px] [&amp;_a]:text-secondary my-f-1.5\" q:key=\"0\" q:id=\"74\">After Buehler made the Opening Day roster, he admitted his <a href=\"https:\/\/www.si.com\/mlb\/padres\/onsi\/san-diego-padres-news\/walker-buehler-not-satisfied-after-making-padres-opening-day-roster\" rel=\"nofollow noopener\" target=\"_blank\">goal went far beyond that. <\/a><\/p>\n<p id=\"inline-text-9\" class=\"my-[18px] [&amp;_a]:text-secondary my-f-1.5\" q:key=\"0\" q:id=\"77\">\u201cEverybody wants to play in the big leagues,\u201d\u00a0Buehler said ahead of the season. \u201cI\u2019ve played long enough that going to the minor leagues is not probably something that I would do. To put in an offseason like I did and move the family out here and get in better shape and do a lot of that kind of stuff, it\u2019s super rewarding to kind of achieve the goal.<\/p>\n<p id=\"inline-text-10\" class=\"my-[18px] [&amp;_a]:text-secondary my-f-1.5\" q:key=\"0\" q:id=\"7a\">&#8220;But at the end of day, I still want to go out and have a good year. I think that\u2019s obviously more important than anything else.\u201d <\/p>\n<p id=\"inline-text-11\" class=\"my-[18px] [&amp;_a]:text-secondary my-f-1.5\" q:key=\"0\" q:id=\"7d\">The right-hander knew what was at stake with his performance to start the 2026 season, and his early struggles could very well mean his tenure with the Padres could be over sooner rather than later.<\/p>\n<p id=\"inline-text-12\" class=\"my-[18px] [&amp;_a]:text-secondary my-f-1.5\" q:key=\"0\" q:id=\"7g\">He can change that by pitching well in his next start on Friday against the Colorado Rockies.<\/p>\n<p id=\"inline-text-13\" class=\"my-[18px] [&amp;_a]:text-secondary my-f-1.5\" q:key=\"0\" q:id=\"7j\"><a href=\"https:\/\/www.si.com\/mlb\/padres\/onsi\/newsletter\" rel=\"nofollow noopener\" target=\"_blank\">Sign up to our free newsletter<\/a>\u00a0and follow us on\u00a0<a href=\"https:\/\/www.facebook.com\/profile.php?id=61581307683573\" rel=\"nofollow noopener\" target=\"_blank\">Facebook<\/a>\u00a0and\u00a0<a href=\"https:\/\/x.com\/PadresOnSI\" rel=\"nofollow\">X\/Twitter<\/a>\u00a0for the latest news.<\/p>\n","protected":false},"excerpt":{"rendered":"The San Diego Padres took a chance on veteran Walker Buehler, but his time with the team could&hellip;\n","protected":false},"author":2,"featured_media":671062,"comment_status":"","ping_status":"","sticky":false,"template":"","format":"standard","meta":{"footnotes":"","_share_on_mastodon":"0"},"categories":[2407],"tags":[5,4,43,137,18,4339,4338],"class_list":{"0":"post-671061","1":"post","2":"type-post","3":"status-publish","4":"format-standard","5":"has-post-thumbnail","7":"category-san-diego-padres","8":"tag-baseball","9":"tag-mlb","10":"tag-padres","11":"tag-san-diego","12":"tag-san-diego-padres","13":"tag-sandiego","14":"tag-sandiegopadres"},"share_on_mastodon":{"url":"https:\/\/channels.im\/@mlb\/116371453729080724","error":""},"_links":{"self":[{"href":"https:\/\/www.rawchili.com\/mlb\/wp-json\/wp\/v2\/posts\/671061","targetHints":{"allow":["GET"]}}],"collection":[{"href":"https:\/\/www.rawchili.com\/mlb\/wp-json\/wp\/v2\/posts"}],"about":[{"href":"https:\/\/www.rawchili.com\/mlb\/wp-json\/wp\/v2\/types\/post"}],"author":[{"embeddable":true,"href":"https:\/\/www.rawchili.com\/mlb\/wp-json\/wp\/v2\/users\/2"}],"replies":[{"embeddable":true,"href":"https:\/\/www.rawchili.com\/mlb\/wp-json\/wp\/v2\/comments?post=671061"}],"version-history":[{"count":0,"href":"https:\/\/www.rawchili.com\/mlb\/wp-json\/wp\/v2\/posts\/671061\/revisions"}],"wp:featuredmedia":[{"embeddable":true,"href":"https:\/\/www.rawchili.com\/mlb\/wp-json\/wp\/v2\/media\/671062"}],"wp:attachment":[{"href":"https:\/\/www.rawchili.com\/mlb\/wp-json\/wp\/v2\/media?parent=671061"}],"wp:term":[{"taxonomy":"category","embeddable":true,"href":"https:\/\/www.rawchili.com\/mlb\/wp-json\/wp\/v2\/categories?post=671061"},{"taxonomy":"post_tag","embeddable":true,"href":"https:\/\/www.rawchili.com\/mlb\/wp-json\/wp\/v2\/tags?post=671061"}],"curies":[{"name":"wp","href":"https:\/\/api.w.org\/{rel}","templated":true}]}}