{"id":826607,"date":"2026-09-02T21:54:26","date_gmt":"2026-09-02T21:54:26","guid":{"rendered":"https:\/\/www.rawchili.com\/nba\/826607\/"},"modified":"2026-09-02T21:54:26","modified_gmt":"2026-09-02T21:54:26","slug":"waltham-barber-cuts-hair-for-frances-world-cup-stars-in-boston","status":"publish","type":"post","link":"https:\/\/www.rawchili.com\/nba\/826607\/","title":{"rendered":"Waltham barber cuts hair for France\u2019s World Cup stars in Boston"},"content":{"rendered":"<p>Waltham barber cuts hair for France\u2019s World Cup stars in Boston<\/p>\n<p>Coco Fernandez, known for Celtics clientele, styled \u201cLes Bleus\u201d legends<\/p>\n<p><img decoding=\"async\" src=\"https:\/\/www.rawchili.com\/nba\/wp-content\/uploads\/2026\/09\/1788386066_905_author_avatar.png\" width=\"48\" height=\"48\" alt=\"Default author avatar\" loading=\"lazy\"\/>WALTHAM, Mass. \u2014<\/p>\n<p data-node-id=\"0\">A Waltham barber known for cutting the hair of Boston Celtics stars added international soccer royalty to his client list during the World Cup.<\/p>\n<p data-node-id=\"1\">Coco Fernandez got his start giving $5 haircuts in the cafeteria at MassBay Community College. After a few months, he pivoted to barber school and later launched his own mobile barber business, <a href=\"https:\/\/www.mobarcuts.com\/\" rel=\"nofollow noopener\" target=\"_blank\">MOBAR<\/a>, and quickly made a name for himself. <\/p>\n<p data-node-id=\"2\">After cutting Terry Rozier&#8217;s hair, his clientele grew to include other Celtics players Marcus Smart, Jaylen Brown and Jayson Tatum. In 2020, he opened a brick-and-mortar shop in Waltham. <\/p>\n<p data-node-id=\"3\">When France&#8217;s national team arrived in Boston, Fernandez was asked to travel to their hotel to cut hair for Kylian Mbapp\u00e9, Ousmane Demb\u00e9l\u00e9 and D\u00e9sir\u00e9 Dou\u00e9.<\/p>\n<p data-node-id=\"4\">The experience turned the lifelong basketball fan into a France soccer supporter.<\/p>\n","protected":false},"excerpt":{"rendered":"Waltham barber cuts hair for France\u2019s World Cup stars in Boston Coco Fernandez, known for Celtics clientele, styled&hellip;\n","protected":false},"author":2,"featured_media":826608,"comment_status":"","ping_status":"","sticky":false,"template":"","format":"standard","meta":{"footnotes":""},"categories":[3766],"tags":[7,45,98291,75,55869,3798,98299,98296,46,98292,98301,2332,98293,23453,98300,78,77,21700,326,98294,6,98298,98302,98295,37389,7261,98297],"class_list":["post-826607","post","type-post","status-publish","format-standard","has-post-thumbnail","category-boston-celtics","tag-basketball","tag-boston","tag-boston-barber","tag-boston-celtics","tag-boston-celtics-star","tag-bostonceltics","tag-cafeteria","tag-celebrity-barber","tag-celtics","tag-coco-fernandez","tag-desire-doue","tag-france","tag-france-national-soccer-team","tag-hair","tag-international-soccer-royalty","tag-jaylen-brown","tag-jayson-tatum","tag-kylian-mbappe","tag-marcus-smart","tag-mobar","tag-nba","tag-ousmane-dembele","tag-own-mobile-barber-business","tag-waltham-barber","tag-wcvb","tag-world-cup","tag-world-cup-star"],"share_on_mastodon":{"url":"https:\/\/channels.im\/@nba\/117203675934045196","error":""},"_links":{"self":[{"href":"https:\/\/www.rawchili.com\/nba\/wp-json\/wp\/v2\/posts\/826607","targetHints":{"allow":["GET"]}}],"collection":[{"href":"https:\/\/www.rawchili.com\/nba\/wp-json\/wp\/v2\/posts"}],"about":[{"href":"https:\/\/www.rawchili.com\/nba\/wp-json\/wp\/v2\/types\/post"}],"author":[{"embeddable":true,"href":"https:\/\/www.rawchili.com\/nba\/wp-json\/wp\/v2\/users\/2"}],"replies":[{"embeddable":true,"href":"https:\/\/www.rawchili.com\/nba\/wp-json\/wp\/v2\/comments?post=826607"}],"version-history":[{"count":0,"href":"https:\/\/www.rawchili.com\/nba\/wp-json\/wp\/v2\/posts\/826607\/revisions"}],"wp:featuredmedia":[{"embeddable":true,"href":"https:\/\/www.rawchili.com\/nba\/wp-json\/wp\/v2\/media\/826608"}],"wp:attachment":[{"href":"https:\/\/www.rawchili.com\/nba\/wp-json\/wp\/v2\/media?parent=826607"}],"wp:term":[{"taxonomy":"category","embeddable":true,"href":"https:\/\/www.rawchili.com\/nba\/wp-json\/wp\/v2\/categories?post=826607"},{"taxonomy":"post_tag","embeddable":true,"href":"https:\/\/www.rawchili.com\/nba\/wp-json\/wp\/v2\/tags?post=826607"}],"curies":[{"name":"wp","href":"https:\/\/api.w.org\/{rel}","templated":true}]}}