{"id":826718,"date":"2026-09-03T01:12:23","date_gmt":"2026-09-03T01:12:23","guid":{"rendered":"https:\/\/www.rawchili.com\/nba\/826718\/"},"modified":"2026-09-03T01:12:23","modified_gmt":"2026-09-03T01:12:23","slug":"the-denver-nuggets-uncomfortable-off-season-of-sameness","status":"publish","type":"post","link":"https:\/\/www.rawchili.com\/nba\/826718\/","title":{"rendered":"The Denver Nuggets uncomfortable off season of sameness"},"content":{"rendered":"<p class=\"wp-block-paragraph\">Let me get this out of the way at the top: I think the Denver Nuggets are perfectly happy with winning 52-54 games and being a 3-4 seed in the Western Conference. Which is \u2026 fine.<\/p>\n<p class=\"wp-block-paragraph\">The team\u2019s arrow is neither pointing dramatically up in juggernaut territory, nor is it pointing down in financial re-set mode. The team\u2019s overall motion is basically straight across. The more analysis of this team I do the more I come to the conclusion this team will be in the low to mid 50\u2019s in wins. That arrow is straight across and as flat as the landscape in eastern Colorado. It\u2019s the offseason that says it\u2019s not quite \u2018run it back\u2019 but it\u2019s like New Coke \u2026 it\u2019s basically the same thing only with a slightly worse flavor.<\/p>\n<p class=\"wp-block-paragraph\">Your view of the this Nuggets team will be heavily influenced by your opinion of last season. There\u2019s only two options: Team is great and was only derailed by injuries or team has been on a downward spiral since the title season and they did nothing to get themselves out of their financial and competitive malaise.<\/p>\n<p class=\"wp-block-paragraph\">Both viewpoints are valid.<\/p>\n<p class=\"wp-block-paragraph\">I\u2019m weirdly in the middle of both of those views of this team. I think that Aaron Gordon\u2019s injuries very specifically derailed the Nuggets in the first round of the playoffs not Peyton Watson (more on him below). I also think that the team hasn\u2019t exactly inspired great confidence in contention since maybe the 2023-24 season and without a re-set things will be stuck in mud. I contain multitudes and you all should as well.<\/p>\n<p class=\"wp-block-paragraph\">Nothing the Nuggets did this offseason in the player acquisition department does anything but keep the Nuggets sort of in the ballpark of where they have been the last three seasons. Marvin Bagley (serviceable back up 5 and spot 4), Tyus Jones (adequate back up point guard), Alpha Diallo (big question mark) and the drafted second round players including Trevon Brazile (don\u2019t figure to get much substantial playing time) aren\u2019t what you call \u2018needle movers\u2019. The minimum signing of Demar DeRozan will be a balast for the Nuggets bench but there are serious spacing and \u2018fit\u2019 questions with Nikola Jokic. DeRozan should provide enough bucket getting to prop up a very offensively shaky second unit. They will keep the Nuggets \u2026 afloat.<\/p>\n<p class=\"wp-block-paragraph\">A floating they shall be on the HMS 3 (or) 4 Seed.<\/p>\n<p lang=\"en\" dir=\"ltr\">BREAKING: Six-time NBA All-Star DeMar DeRozan has agreed to sign with the Denver Nuggets on a one-year, $3.9 million deal, sources tell ESPN. <a href=\"https:\/\/t.co\/mGiCIcKtq1\" rel=\"nofollow\">pic.twitter.com\/mGiCIcKtq1<\/a><\/p>\n<p>\u2014 Shams Charania (@ShamsCharania) <a href=\"https:\/\/x.com\/ShamsCharania\/status\/2090903820301705398?ref_src=twsrc%5Etfw\" rel=\"nofollow\">August 21, 2026<\/a> <\/p>\n<p class=\"wp-block-paragraph\">If someone spoke to me after the Nuggets lost in the first round to old friend Tim Connelly\u2019s (very injured) Minnesota Timberwolves team I probably would have said blow it the eff up and rebuild for 2028 around Jokic. On a bad day I might say something along those lines. Truth of the matter is things are more nuanced in 2026 with Second Aprons, Repeater Taxes and a certain superstar who\u2019s heading very uncomfortably toward unrestricted free agency.<\/p>\n<p class=\"wp-block-paragraph\">The anxiety that floated around the Peyton Watson restricted free agency saga \u2014 and the fallout from the sign and trade that netted the Nuggets that Cleveland Cavaliers unprotected 2031 first \u2014 could boil down to be less about Watson himself than the very VERY odd circumstance of Jokic\u2019s lack of contract extension. Everyone is certain that Jokic will re-sign, from the Nuggets to the people who cover the team (myself included). However \u2026 it is weird. It is uncomfortable. There\u2019s tiny grain\u2019s of uneasiness about this season going dramatically sideways and creating a new set of variables we didn\u2019t think about before.<\/p>\n<p class=\"wp-block-paragraph\">It\u2019s all there in the back of our minds so when the Watson saga plays out like it does we start thinking the sky is falling. It objectively isn\u2019t \u2026 but it feels that way. I\u2019ll repeat something I said on my podcast over and over this summer; Peyton Watson wasn\u2019t worth the anxiety and mental brain power everyone was using to obsess about it. The Nuggets saw him as a slightly above mid-level player. Peyton\u2019s team (Klutch) wanted above Christian Braun money. There is the binary and it played out as you saw. I don\u2019t think the Nuggets are losing as much as people believe they are with Watson leaving but it FEELS SO MUCH WORSE. The Jokic weirdness just sort of amplifies the anxiety.<\/p>\n<p class=\"wp-block-paragraph\">Once again. I fully and with my entire heart expect Jokic to sign a mega-extension in the offseason of 2027. It\u2019s just weird. There is a ton of trust that needs to be applied here.<\/p>\n<p lang=\"und\" dir=\"ltr\">S obzirom da od danas slobodni agenti mogu da potpisuju ugovore sa NBA timovima, pitao sam Nikolu <a href=\"https:\/\/x.com\/hashtag\/Joki%C4%87?src=hash&amp;ref_src=twsrc%5Etfw\" rel=\"nofollow\">#Joki\u0107<\/a>-a kakvi su njegovi planovi i razmi\u0161ljanja tim povodom:<\/p>\n<p>&#8220;Moja ideja je da potpi\u0161em slede\u0107eg leta i da ostanem do kraja \u017eivota (karijere) u Denveru&#8221; <a href=\"https:\/\/t.co\/LXcR5gnmna\" rel=\"nofollow\">pic.twitter.com\/LXcR5gnmna<\/a><\/p>\n<p>\u2014 Marko Ljubomirovi\u0107 (@LjubomirovicM) <a href=\"https:\/\/x.com\/LjubomirovicM\/status\/2074226821906714822?ref_src=twsrc%5Etfw\" rel=\"nofollow\">July 6, 2026<\/a> <\/p>\n<p class=\"wp-block-paragraph\">To that point: During this weird year the Nuggets are sort of biding their time. No needle up. No needle down. Just half measures designed to keep the Nuggets on the same plane. Hoping beyond hope that players who\u2019ve struggled with injury for the last several seasons will be completely healthy this season. They are behaving like a team that isn\u2019t worried in the slightest that their legendary player is walking out that door. At the same time that laissez-faire approach is just a little incongruous with the urgency of time and Jokic\u2019s impending potential big offseason in 2027<\/p>\n<p>So that makes what is largely just a ho-hum off season a bit more weird and causes The Ringer to put out an article about how the <a href=\"https:\/\/www.theringer.com\/2026\/08\/31\/nba\/denver-nuggets-nikola-jokic-offseason-trades-peyton-watson-second-apron\" rel=\"nofollow noopener\" target=\"_blank\">Nuggets should be embarassed<\/a>.\u00a0I\u2019ve gone over and over and over the mistakes that have been made by the Nuggets organization that has led us to this point since 2022. Between going all in on late first and second round picks, to squandering second round assets to dump players and\/or draft someone who is parked on the bench. From allowing a cold war\/blood feud to linger between coach and GM to hiring an inexperienced head coach to preside over a contending team. None of that really applies here. The Nuggets intent is clear as day. They believe that a completely healthy Nuggets team with the band aids applied this year is \u2026 fine. Not great. Not terrible. Fine.It\u2019s the feeling that this kind of approach leaves you with though. Did they do enough? Why aren\u2019t they being more urgent? If the second apron and repeater tax are such big factors, why no big trade to relieve the books? All of these questions linger over the Nuggets like a stink cloud in a Peanuts cartoon.\u00a0<\/p>\n<p><img loading=\"lazy\" decoding=\"async\" width=\"1024\" height=\"683\" src=\"https:\/\/www.rawchili.com\/nba\/wp-content\/uploads\/2026\/09\/2026-04-07T044949Z_1372693193_MT1USATODAY28674109_RTRMADP_3_NBA-PORTLAND-TRAIL-BLAZERS-AT-DENVER-NUG.jpeg\" alt=\"\" class=\"wp-image-24323\"  \/>Apr 6, 2026; Denver, Colorado, USA; Denver Nuggets center Nikola Jokic (15) reacts after a play as forward Cam Johnson (23) and forward Aaron Gordon (32) and guard Christian Braun (0) and guard Jamal Murray (27) look on in the fourth quarter against the Portland Trail Blazers at Ball Arena. Mandatory Credit: Isaiah J. Downing-Imagn Images<\/p>\n<p>One last note: All of these sort of staying in place, half measure moves have perplexed everyone from national media to people in the league. When there is confusion in the NBA it starts the birds a chirpin\u2019 and not only have the Nuggets sort of done nothing to move their own needle they have, additionally, sort of invited what is sure to be a hellish year of rumor mongering and migraine inducing speculation to the mix. This is not going to be fun.\u00a0It heightens that feeling that the Nuggets just holding fort isn\u2019t good enough when in reality they will be a 3 or 4 seed and win over 50 games.\u00a0It\u2019s just a feeling though. Feelings go away.Most of the time.(Column written before it was revealed that Enos Stanley Kroenke just bought the Los Angeles Angels for over 4 billion dollars which \u2026 deserves it\u2019s own column. Or podcast. <a href=\"https:\/\/bleav.com\/shows\/csg-podcast\/\" rel=\"nofollow noopener\" target=\"_blank\">Just listen to the Mortcast on CSG<\/a>)<\/p>\n<p>\t\t\t\t\t<script async src=\"https:\/\/platform.twitter.com\/widgets.js\" charset=\"utf-8\"><\/script><\/p>\n","protected":false},"excerpt":{"rendered":"Let me get this out of the way at the top: I think the Denver Nuggets are perfectly&hellip;\n","protected":false},"author":2,"featured_media":826719,"comment_status":"","ping_status":"","sticky":false,"template":"","format":"standard","meta":{"footnotes":""},"categories":[3781],"tags":[7,301,187,3943,98312,6,253,302],"class_list":["post-826718","post","type-post","status-publish","format-standard","has-post-thumbnail","category-denver-nuggets","tag-basketball","tag-denver","tag-denver-nuggets","tag-denvernuggets","tag-kse","tag-nba","tag-nikola-jokic","tag-nuggets"],"share_on_mastodon":{"url":"https:\/\/channels.im\/@nba\/117204454524891404","error":""},"_links":{"self":[{"href":"https:\/\/www.rawchili.com\/nba\/wp-json\/wp\/v2\/posts\/826718","targetHints":{"allow":["GET"]}}],"collection":[{"href":"https:\/\/www.rawchili.com\/nba\/wp-json\/wp\/v2\/posts"}],"about":[{"href":"https:\/\/www.rawchili.com\/nba\/wp-json\/wp\/v2\/types\/post"}],"author":[{"embeddable":true,"href":"https:\/\/www.rawchili.com\/nba\/wp-json\/wp\/v2\/users\/2"}],"replies":[{"embeddable":true,"href":"https:\/\/www.rawchili.com\/nba\/wp-json\/wp\/v2\/comments?post=826718"}],"version-history":[{"count":0,"href":"https:\/\/www.rawchili.com\/nba\/wp-json\/wp\/v2\/posts\/826718\/revisions"}],"wp:featuredmedia":[{"embeddable":true,"href":"https:\/\/www.rawchili.com\/nba\/wp-json\/wp\/v2\/media\/826719"}],"wp:attachment":[{"href":"https:\/\/www.rawchili.com\/nba\/wp-json\/wp\/v2\/media?parent=826718"}],"wp:term":[{"taxonomy":"category","embeddable":true,"href":"https:\/\/www.rawchili.com\/nba\/wp-json\/wp\/v2\/categories?post=826718"},{"taxonomy":"post_tag","embeddable":true,"href":"https:\/\/www.rawchili.com\/nba\/wp-json\/wp\/v2\/tags?post=826718"}],"curies":[{"name":"wp","href":"https:\/\/api.w.org\/{rel}","templated":true}]}}