{"id":532871,"date":"2026-03-31T13:54:18","date_gmt":"2026-03-31T13:54:18","guid":{"rendered":"https:\/\/www.rawchili.com\/nhl\/532871\/"},"modified":"2026-03-31T13:54:18","modified_gmt":"2026-03-31T13:54:18","slug":"montreal-canadiens-alexandre-carrier-to-miss-two-to-four-weeks-with-upper-body-injury","status":"publish","type":"post","link":"https:\/\/www.rawchili.com\/nhl\/532871\/","title":{"rendered":"Montreal Canadiens Alexandre Carrier to miss two to four weeks with upper-body injury"},"content":{"rendered":"<p class=\"c-paragraph\">The <a href=\"https:\/\/www.tsn.ca\/nhl\/team-page\/montreal-canadiens\/8\" rel=\"nofollow noopener\" title=\"https:\/\/www.tsn.ca\/nhl\/team-page\/montreal-canadiens\/8\" target=\"_blank\">Montreal Canadiens<\/a> announced on Tuesday that defenceman <a href=\"https:\/\/www.tsn.ca\/nhl\/player\/alexandre-carrier\/8478851\" rel=\"nofollow noopener\" title=\"https:\/\/www.tsn.ca\/nhl\/player\/alexandre-carrier\/8478851\" target=\"_blank\">Alexandre Carrier<\/a> will miss two-to-four weeks due to an upper-body injury. <\/p>\n<p class=\"c-paragraph\">Defenceman <a href=\"https:\/\/www.tsn.ca\/nhl\/player\/adam-engstrom\/8483686\" rel=\"nofollow noopener\" title=\"https:\/\/www.tsn.ca\/nhl\/player\/adam-engstrom\/8483686\" target=\"_blank\">Adam Engstrom<\/a> was recalled from the AHL\u2019s Laval Rocket on Monday. <\/p>\n<p lang=\"fr\" dir=\"ltr\">Le d\u00e9fenseur Alexandre Carrier sera \u00e0 l&#8217;\u00e9cart du jeu pour une p\u00e9riode de 2 \u00e0 4 semaines en raison d&#8217;une blessure au haut du corps<\/p>\n<p>Defenseman Alexandre Carrier will be out for 2 to 4 weeks due to an upper-body injury <a href=\"https:\/\/t.co\/HyAGYIO9No\" rel=\"nofollow\">pic.twitter.com\/HyAGYIO9No<\/a><\/p>\n<p>\u2014 Canadiens Montr\u00e9al (@CanadiensMTL) <a href=\"https:\/\/twitter.com\/CanadiensMTL\/status\/2038964548217045210?ref_src=twsrc%5Etfw\" rel=\"nofollow noopener\" target=\"_blank\">March 31, 2026<\/a><\/p>\n<p class=\"c-paragraph\">Carrier, 29, has scored seven goals with 22 points in 73 games with the Canadiens this season while averaging 19:05 of ice time.<\/p>\n<p class=\"c-paragraph\">He last played in Sunday\u2019s 3-1 win over the <a href=\"https:\/\/www.tsn.ca\/nhl\/team-page\/carolina-hurricanes\/12\" rel=\"nofollow noopener\" title=\"https:\/\/www.tsn.ca\/nhl\/team-page\/carolina-hurricanes\/12\" target=\"_blank\">Carolina Hurricanes<\/a> where he had 19:05 of ice time. <\/p>\n<p class=\"c-paragraph\">A fourth-round pick (115th overall) by the <a href=\"https:\/\/www.tsn.ca\/nhl\/team-page\/nashville-predators\/18\" rel=\"nofollow noopener\" title=\"https:\/\/www.tsn.ca\/nhl\/team-page\/nashville-predators\/18\" target=\"_blank\">Nashville Predators<\/a> in the 2015 NHL Draft, he was acquired by the Canadiens on Dec. 18, 2024 in exchange for defenceman <a href=\"https:\/\/www.tsn.ca\/nhl\/player\/justin-barron\/8482111\" rel=\"nofollow noopener\" title=\"https:\/\/www.tsn.ca\/nhl\/player\/justin-barron\/8482111\" target=\"_blank\">Justin Barron<\/a>. <\/p>\n<p class=\"c-paragraph\">He is in the second season of a three-year, $11.25 million contract with an AAV of $3.75 million. <\/p>\n<p class=\"c-paragraph\">The Quebec City, Que., native has skated in 369 career NHL games, scoring 20 goals with 109 points split between the Predators and Canadiens. <\/p>\n<p><script async src=\"https:\/\/platform.twitter.com\/widgets.js\" charset=\"utf-8\"><\/script><\/p>\n","protected":false},"excerpt":{"rendered":"The Montreal Canadiens announced on Tuesday that defenceman Alexandre Carrier will miss two-to-four weeks due to an upper-body&hellip;\n","protected":false},"author":2,"featured_media":532872,"comment_status":"","ping_status":"","sticky":false,"template":"","format":"standard","meta":{"footnotes":"","_share_on_mastodon":"0"},"categories":[3],"tags":[61296,4759,5,33168,4],"class_list":{"0":"post-532871","1":"post","2":"type-post","3":"status-publish","4":"format-standard","5":"has-post-thumbnail","7":"category-nhl","8":"tag-alexandre-carrier-sports-hockey-player-player-nhl-api-8478851","9":"tag-apple-news","10":"tag-hockey","11":"tag-montreal-canadiens-sports-hockey-team-team-nhl-api-8","12":"tag-nhl"},"share_on_mastodon":{"url":"https:\/\/channels.im\/@nhl\/116324130079123343","error":""},"_links":{"self":[{"href":"https:\/\/www.rawchili.com\/nhl\/wp-json\/wp\/v2\/posts\/532871","targetHints":{"allow":["GET"]}}],"collection":[{"href":"https:\/\/www.rawchili.com\/nhl\/wp-json\/wp\/v2\/posts"}],"about":[{"href":"https:\/\/www.rawchili.com\/nhl\/wp-json\/wp\/v2\/types\/post"}],"author":[{"embeddable":true,"href":"https:\/\/www.rawchili.com\/nhl\/wp-json\/wp\/v2\/users\/2"}],"replies":[{"embeddable":true,"href":"https:\/\/www.rawchili.com\/nhl\/wp-json\/wp\/v2\/comments?post=532871"}],"version-history":[{"count":0,"href":"https:\/\/www.rawchili.com\/nhl\/wp-json\/wp\/v2\/posts\/532871\/revisions"}],"wp:featuredmedia":[{"embeddable":true,"href":"https:\/\/www.rawchili.com\/nhl\/wp-json\/wp\/v2\/media\/532872"}],"wp:attachment":[{"href":"https:\/\/www.rawchili.com\/nhl\/wp-json\/wp\/v2\/media?parent=532871"}],"wp:term":[{"taxonomy":"category","embeddable":true,"href":"https:\/\/www.rawchili.com\/nhl\/wp-json\/wp\/v2\/categories?post=532871"},{"taxonomy":"post_tag","embeddable":true,"href":"https:\/\/www.rawchili.com\/nhl\/wp-json\/wp\/v2\/tags?post=532871"}],"curies":[{"name":"wp","href":"https:\/\/api.w.org\/{rel}","templated":true}]}}